{"id":14136,"date":"2018-12-01T11:24:07","date_gmt":"2018-12-01T11:24:07","guid":{"rendered":"http:\/\/www.urbanyouthhostel.com\/navidad-en-valencia\/"},"modified":"-0001-11-30T00:00:00","modified_gmt":"-0001-11-29T23:00:00","slug":"noel-a-valence","status":"publish","type":"post","link":"https:\/\/www.urbanyouthhostel.com\/fr\/noel-a-valence\/","title":{"rendered":"Noel \u00e0 Valence"},"content":{"rendered":"<p><strong>Nativit\u00e9<\/strong><\/p>\n<p>L&#8217;une des traditions de No\u00ebl les plus importantes de Valence est la Nativit\u00e9. Pendant ce temps, une grande sc\u00e8ne (appel\u00e9e &#8220;Bel\u00e9n&#8221;) est affich\u00e9e par le Conseil municipal de la Plaza del Ayuntamiento. Il y a aussi des versions plus petites dans les maisons locales et vendues dans les magasins aussi.<\/p>\n<p><strong>La f\u00eate de No\u00ebl et le jour de No\u00ebl<\/strong><\/p>\n<p>24\/12 &#8211; 25\/12<\/p>\n<p>La nuit de No\u00ebl est l&#8217;occasion de c\u00e9l\u00e9brer en famille pour profiter de ce moment sp\u00e9cial. Il y aura \u00e9galement une messe de minuit \u00e0 la cath\u00e9drale (appel\u00e9e \u00abMisa del Gallo\u00bb), qui est l&#8217;une des masses les plus importantes tout au long de l&#8217;ann\u00e9e. En No\u00ebl, il y aura une chorale et des \u00e9v\u00e9nements sp\u00e9ciaux pour les enfants et les familles.<\/p>\n<p><strong>Les trois rois mages<\/strong><\/p>\n<p>5 \u200b\u200b\/ 01-06 \/ 01<\/p>\n<p>Une journ\u00e9e sp\u00e9ciale pour les enfants et les familles! Les trois rois mages partiront du port de Valence et se termineront dans la mairie o\u00f9 ils accorderont des cadeaux et des bonbons aux enfants. Le lendemain matin, les enfants re\u00e7oivent les cadeaux qu&#8217;ils demandent, puis ils d\u00e9goutent le c\u00e9l\u00e8bre g\u00e2teau Rosc\u00f3n de Reyes. Une tradition de vacances tr\u00e8s c\u00e9l\u00e8bre de Valence!<\/p>\n","protected":false},"excerpt":{"rendered":"<p>Nativit\u00e9 L&#8217;une des traditions de No\u00ebl les plus importantes de Valence est la Nativit\u00e9. Pendant ce temps, une grande sc\u00e8ne (appel\u00e9e &#8220;Bel\u00e9n&#8221;) est affich\u00e9e par&#8230;<\/p>\n","protected":false},"author":1,"featured_media":14128,"comment_status":"open","ping_status":"open","sticky":false,"template":"","format":"standard","meta":{"rs_blank_template":"","rs_page_bg_color":"","slide_template_v7":"","footnotes":""},"categories":[161],"tags":[284],"class_list":["post-14136","post","type-post","status-publish","format-standard","has-post-thumbnail","hentry","category-12-decembre","tag-popular-festivals-fr"],"_links":{"self":[{"href":"https:\/\/www.urbanyouthhostel.com\/fr\/wp-json\/wp\/v2\/posts\/14136","targetHints":{"allow":["GET"]}}],"collection":[{"href":"https:\/\/www.urbanyouthhostel.com\/fr\/wp-json\/wp\/v2\/posts"}],"about":[{"href":"https:\/\/www.urbanyouthhostel.com\/fr\/wp-json\/wp\/v2\/types\/post"}],"author":[{"embeddable":true,"href":"https:\/\/www.urbanyouthhostel.com\/fr\/wp-json\/wp\/v2\/users\/1"}],"replies":[{"embeddable":true,"href":"https:\/\/www.urbanyouthhostel.com\/fr\/wp-json\/wp\/v2\/comments?post=14136"}],"version-history":[{"count":0,"href":"https:\/\/www.urbanyouthhostel.com\/fr\/wp-json\/wp\/v2\/posts\/14136\/revisions"}],"wp:featuredmedia":[{"embeddable":true,"href":"https:\/\/www.urbanyouthhostel.com\/fr\/wp-json\/wp\/v2\/media\/14128"}],"wp:attachment":[{"href":"https:\/\/www.urbanyouthhostel.com\/fr\/wp-json\/wp\/v2\/media?parent=14136"}],"wp:term":[{"taxonomy":"category","embeddable":true,"href":"https:\/\/www.urbanyouthhostel.com\/fr\/wp-json\/wp\/v2\/categories?post=14136"},{"taxonomy":"post_tag","embeddable":true,"href":"https:\/\/www.urbanyouthhostel.com\/fr\/wp-json\/wp\/v2\/tags?post=14136"}],"curies":[{"name":"wp","href":"https:\/\/api.w.org\/{rel}","templated":true}]}}