{"id":11035,"date":"2017-07-03T15:54:54","date_gmt":"2017-07-03T14:54:54","guid":{"rendered":"http:\/\/urban.2web.es\/festival-a-valencia\/"},"modified":"2017-07-03T16:17:56","modified_gmt":"2017-07-03T15:17:56","slug":"festivites-de-valence","status":"publish","type":"post","link":"https:\/\/www.urbanyouthhostel.com\/fr\/festivites-de-valence\/","title":{"rendered":"Festivit\u00e9s de Valence"},"content":{"rendered":"<p>L&#8217;un des plus grands festivals d&#8217;\u00e9t\u00e9 \u00e0 Valence est le <strong>Festival de les Arts<\/strong> qui a lieu en juin et se d\u00e9roule \u00e0 la Cit\u00e9 des Arts et des Sciences, \u00e0 quelques pas de l&#8217;auberge de jeunesse urbain. Le festival de musique de trois jours accueille de nombreux artistes du monde entier et plus de 40 000 personnes ont assist\u00e9 l&#8217;ann\u00e9e derni\u00e8re.<\/p>\n<p>Chaque mois de juillet, il y a un festival de musique appel\u00e9 <strong>Festival International de Benicassim<\/strong> (<strong>FIB<\/strong>). Cela se d\u00e9roule dans le nord de Valence \u00e0 Castell\u00f3n, et dure de jeudi \u00e0 dimanche. En plus de la musique et des concerts tenus sur trois \u00e9tapes principales, ils mettent \u00e9galement en vedette des courts-m\u00e9trages, de l&#8217;art et des d\u00e9fil\u00e9s de mode. Le premier spectacle a eu lieu en 1995, et il continue de cro\u00eetre chaque ann\u00e9e.<\/p>\n<p>Aussi \u00e0 Benicassim, il y a un <strong>Festival du Reggae<\/strong> tous les mois d&#8217;ao\u00fbt. Ce festival de musique de huit jours a la meilleure vue imaginable, il se d\u00e9roule juste \u00e0 c\u00f4t\u00e9 des belles plages de Castell\u00f3n, avec les montagnes en arri\u00e8re-plan. Il y a beaucoup d&#8217;endroits diff\u00e9rents dans le lieu de visite, y compris la sc\u00e8ne principale, la salle de danse, le village africain o\u00f9 vous pouvez c\u00e9l\u00e9brer la culture et l&#8217;histoire africaines, le reggae Antillais et des americains du sud, le cirque et m\u00eame un forum social ax\u00e9 sur la construction d&#8217;un monde meilleur.<\/p>\n<p>Un autre festival de musique \u00e0 Valence en juillet s&#8217;appelle <strong>Low Festival<\/strong>, qui a lieu \u00e0 Benidorm, au sud de Valence, \u00e0 proximit\u00e9 de la plage. Ce festival de trois jours a de nombreux artistes indes, rock et pop du monde entier. Low festival a \u00e9galement quatre domaines diff\u00e9rents pour la musique, et une grande zone herbeuse pour se d\u00e9tendre.<\/p>\n","protected":false},"excerpt":{"rendered":"<p>L&#8217;un des plus grands festivals d&#8217;\u00e9t\u00e9 \u00e0 Valence est le Festival de les Arts qui a lieu en juin et se d\u00e9roule \u00e0 la Cit\u00e9 des Arts et des Sciences.<\/p>\n","protected":false},"author":1,"featured_media":0,"comment_status":"open","ping_status":"open","sticky":false,"template":"","format":"standard","meta":{"rs_blank_template":"","rs_page_bg_color":"","slide_template_v7":"","footnotes":""},"categories":[120],"tags":[],"class_list":["post-11035","post","type-post","status-publish","format-standard","hentry","category-activites-a-valence"],"_links":{"self":[{"href":"https:\/\/www.urbanyouthhostel.com\/fr\/wp-json\/wp\/v2\/posts\/11035","targetHints":{"allow":["GET"]}}],"collection":[{"href":"https:\/\/www.urbanyouthhostel.com\/fr\/wp-json\/wp\/v2\/posts"}],"about":[{"href":"https:\/\/www.urbanyouthhostel.com\/fr\/wp-json\/wp\/v2\/types\/post"}],"author":[{"embeddable":true,"href":"https:\/\/www.urbanyouthhostel.com\/fr\/wp-json\/wp\/v2\/users\/1"}],"replies":[{"embeddable":true,"href":"https:\/\/www.urbanyouthhostel.com\/fr\/wp-json\/wp\/v2\/comments?post=11035"}],"version-history":[{"count":0,"href":"https:\/\/www.urbanyouthhostel.com\/fr\/wp-json\/wp\/v2\/posts\/11035\/revisions"}],"wp:attachment":[{"href":"https:\/\/www.urbanyouthhostel.com\/fr\/wp-json\/wp\/v2\/media?parent=11035"}],"wp:term":[{"taxonomy":"category","embeddable":true,"href":"https:\/\/www.urbanyouthhostel.com\/fr\/wp-json\/wp\/v2\/categories?post=11035"},{"taxonomy":"post_tag","embeddable":true,"href":"https:\/\/www.urbanyouthhostel.com\/fr\/wp-json\/wp\/v2\/tags?post=11035"}],"curies":[{"name":"wp","href":"https:\/\/api.w.org\/{rel}","templated":true}]}}